{"id":7867,"date":"2026-03-12T08:44:41","date_gmt":"2026-03-12T07:44:41","guid":{"rendered":"https:\/\/www.bumacogroup.be\/?p=7867"},"modified":"2026-03-12T13:47:22","modified_gmt":"2026-03-12T12:47:22","slug":"rencontre-avec-wout-de-manutentionnaire-a-technicien-de-maintenance","status":"publish","type":"post","link":"https:\/\/www.bumacogroup.be\/fr\/nieuws\/maak-kennis-met-wout-van-magazijnier-naar-servicetechnieker\/","title":{"rendered":"Rencontre avec Wout : de manutentionnaire \u00e0 technicien"},"content":{"rendered":"<p><strong>Au sein du groupe Bumaco, nous pensons que chacun doit pouvoir \u00e9voluer dans son travail. Cela signifie parfois apprendre de nouvelles choses, parfois prendre une autre direction au sein de l'entreprise. Il est donc important pour nous de donner \u00e0 nos coll\u00e8gues la possibilit\u00e9 d'\u00e9voluer au sein de l'entreprise.<\/strong><\/p>\n\n\n\n<h2 class=\"wp-block-heading\"><strong>De la r\u00e9gion<\/strong><\/h2>\n\n\n\n<p>Wout Uytterhoeven en est un bon exemple. D'abord manutentionnaire, il est r\u00e9cemment pass\u00e9 \u00e0 un poste technique. Nous nous sommes entretenus avec lui \u00e0 ce sujet.<\/p>\n\n\n\n<p>Wout a 24 ans et est originaire de Wezemaal. En septembre 2022, il a commenc\u00e9 \u00e0 travailler chez Bumaco en tant que magasinier.<\/p>\n\n\n\n<p>\u201cMon travail consistait principalement \u00e0 r\u00e9ceptionner les marchandises, \u00e0 charger et d\u00e9charger les camionnettes et \u00e0 veiller \u00e0 ce que tout arrive au bon endroit\u201d, explique-t-il. \u201cEn outre, je g\u00e9rais le stock d'appareils Daikin et pr\u00e9parais les commandes pour nos techniciens.\u201d<\/p>\n\n\n\n<p>Pr\u00e9parer des listes de mat\u00e9riel, remplir ou vider des conteneurs et effectuer de petites t\u00e2ches pratiques faisaient \u00e9galement partie de son travail quotidien. \u201cEt bien s\u00fbr, il apportait les colas\u201d, ajoute-t-il en riant.<\/p>\n\n\n\n<h2 class=\"wp-block-heading\"><strong>Int\u00e9r\u00eat pour l'ing\u00e9nierie<\/strong><\/h2>\n\n\n\n<p>Bien que Wout ait travaill\u00e9 dans l'entrep\u00f4t, son int\u00e9r\u00eat pour l'ing\u00e9nierie a toujours \u00e9t\u00e9 pr\u00e9sent. \u201cJ'essayais souvent de r\u00e9parer moi-m\u00eame des choses \u00e0 la maison. En fait, cet int\u00e9r\u00eat a toujours exist\u00e9.\u201d<\/p>\n\n\n\n<p>Au bout d'un certain temps, le travail dans l'entrep\u00f4t a commenc\u00e9 \u00e0 devenir un peu monotone. Lors de son entretien d'\u00e9valuation, il a \u00e9galement \u00e9voqu\u00e9 ce point. \u201cJ'avais envie de relever un peu plus de d\u00e9fis et d'apprendre quelque chose sur le plan technique. Travailler toujours au m\u00eame endroit commen\u00e7ait \u00e0 devenir un peu ennuyeux.\u201d<\/p>\n\n\n\n<figure class=\"wp-block-image size-full\"><img fetchpriority=\"high\" decoding=\"async\" width=\"800\" height=\"384\" src=\"https:\/\/www.bumacogroup.be\/wp-content\/uploads\/2026\/03\/Wout-1.jpg\" alt=\"\" class=\"wp-image-7870\"\/><\/figure>\n\n\n\n<h2 class=\"wp-block-heading\"><strong>Possibilit\u00e9 de croissance interne<\/strong><\/h2>\n\n\n\n<p>Chez Bumaco, il a \u00e9t\u00e9 imm\u00e9diatement \u00e9cout\u00e9. Son responsable a commenc\u00e9 \u00e0 chercher des opportunit\u00e9s au sein de l'entreprise. \u201cSteven, le responsable de la logistique, s'est imm\u00e9diatement adress\u00e9 \u00e0 DNV pour savoir quand je pourrais participer \u00e0 une semaine d'essai. Cela a \u00e9t\u00e9 rapidement organis\u00e9.\u201d<\/p>\n\n\n\n<p>Cette semaine de test s'est bien d\u00e9roul\u00e9e. Apr\u00e8s un retour d'information positif, Wout s'est vu offrir la possibilit\u00e9 d'occuper pleinement son nouveau poste de technicien \u00e0 partir de janvier 2026.<\/p>\n\n\n\n<h2 class=\"wp-block-heading\"><strong>Commentaires des coll\u00e8gues<\/strong><\/h2>\n\n\n\n<p>Ses coll\u00e8gues de l'entrep\u00f4t ont r\u00e9pondu par un clin d'\u0153il. \u201cIls regrettaient bien s\u00fbr le d\u00e9part du meilleur magasinier\u201d, s'amuse Wout. \u201cMais ils \u00e9taient surtout heureux que je puisse rester chez Bumaco et continuer \u00e0 m'y d\u00e9velopper.\u201d<\/p>\n\n\n\n<h2 class=\"wp-block-heading\"><strong>Pourquoi rester \u00e0 Bumaco ?<\/strong><\/h2>\n\n\n\n<p>Pour Wout, le choix de franchir une nouvelle \u00e9tape en interne s'est fait naturellement. \u201cJ'aime travailler chez Bumaco. Je connais les gens ici et ce sont des coll\u00e8gues agr\u00e9ables. En tant que technicien, je peux aussi apprendre beaucoup de choses. En fait, je n'ai pas de formation ou d'exp\u00e9rience technique, alors quand on me donne cette opportunit\u00e9, il faut la saisir.\u201d<\/p>\n\n\n\n<h2 class=\"wp-block-heading\"><strong>Nouvel emploi, nouveaux d\u00e9fis<\/strong><\/h2>\n\n\n\n<p>Dans son nouveau r\u00f4le, Wout se sent bien \u00e0 sa place. \u201cC'est \u00e0 peu pr\u00e8s ce que j'en attendais\u201d, dit-il.<\/p>\n\n\n\n<p>Et certaines habitudes de l'entrep\u00f4t, il les emporte avec lui. \u201cPar exemple, ranger proprement le mat\u00e9riel dans l'entrep\u00f4t. C'est difficile pour de nombreux techniciens\u201d, plaisante-t-il. \u201cJ'ai d\u00fb nettoyer derri\u00e8re eux pendant trois ans, alors je ne vais pas faire la m\u00eame chose \u00e0 mes anciens coll\u00e8gues de l'entrep\u00f4t.\u201d<\/p>\n\n\n\n<h2 class=\"wp-block-heading\"><strong>Essayez donc<\/strong><\/h2>\n\n\n\n<p>Son conseil aux coll\u00e8gues qui h\u00e9sitent \u00e0 franchir une nouvelle \u00e9tape en interne est clair. \u201cFaites-le. Aller travailler contre son gr\u00e9 est l'une des choses les plus difficiles qui soient. Si vous avez l'occasion d'essayer quelque chose de nouveau, vous devez la saisir\u201d.\u201d<\/p>\n\n\n\n<p>Et les grandes anecdotes de son nouveau travail ? \u201cIl n'y en a pas pour l'instant\u201d, dit-il. \u201cMais elles viendront probablement et je ne manquerai pas de vous en faire part.\u201d<\/p>\n\n\n\n<figure class=\"wp-block-image size-full\"><img decoding=\"async\" width=\"1919\" height=\"927\" src=\"https:\/\/www.bumacogroup.be\/wp-content\/uploads\/2026\/03\/Wout-2.jpg\" alt=\"\" class=\"wp-image-7871\"\/><\/figure>","protected":false},"excerpt":{"rendered":"<p>Bij Bumaco Group geloven we dat mensen moeten kunnen groeien in hun job. Soms betekent dat nieuwe dingen leren, soms betekent het ook een andere richting uitgaan binnen het bedrijf. Collega\u2019s de kans geven om intern door te groeien vinden we dan ook belangrijk. Uit de regio Wout Uytterhoeven is daar een mooi voorbeeld van. [&hellip;]<\/p>\n","protected":false},"author":7,"featured_media":7874,"comment_status":"closed","ping_status":"closed","sticky":false,"template":"","format":"standard","meta":{"_seopress_robots_primary_cat":"none","_seopress_titles_title":"Maak kennis met doorgroeier Wout: van magazijnier naar servicetechnieker","_seopress_titles_desc":"Bij Bumaco Group geloven we dat mensen moeten kunnen groeien in hun job. Soms betekent dat een andere richting uitgaan binnen het bedrijf.","_seopress_robots_index":"","iawp_total_views":218,"footnotes":""},"categories":[1],"tags":[],"class_list":["post-7867","post","type-post","status-publish","format-standard","has-post-thumbnail","hentry","category-nieuws"],"_links":{"self":[{"href":"https:\/\/www.bumacogroup.be\/fr\/wp-json\/wp\/v2\/posts\/7867","targetHints":{"allow":["GET"]}}],"collection":[{"href":"https:\/\/www.bumacogroup.be\/fr\/wp-json\/wp\/v2\/posts"}],"about":[{"href":"https:\/\/www.bumacogroup.be\/fr\/wp-json\/wp\/v2\/types\/post"}],"author":[{"embeddable":true,"href":"https:\/\/www.bumacogroup.be\/fr\/wp-json\/wp\/v2\/users\/7"}],"replies":[{"embeddable":true,"href":"https:\/\/www.bumacogroup.be\/fr\/wp-json\/wp\/v2\/comments?post=7867"}],"version-history":[{"count":3,"href":"https:\/\/www.bumacogroup.be\/fr\/wp-json\/wp\/v2\/posts\/7867\/revisions"}],"predecessor-version":[{"id":7880,"href":"https:\/\/www.bumacogroup.be\/fr\/wp-json\/wp\/v2\/posts\/7867\/revisions\/7880"}],"wp:featuredmedia":[{"embeddable":true,"href":"https:\/\/www.bumacogroup.be\/fr\/wp-json\/wp\/v2\/media\/7874"}],"wp:attachment":[{"href":"https:\/\/www.bumacogroup.be\/fr\/wp-json\/wp\/v2\/media?parent=7867"}],"wp:term":[{"taxonomy":"category","embeddable":true,"href":"https:\/\/www.bumacogroup.be\/fr\/wp-json\/wp\/v2\/categories?post=7867"},{"taxonomy":"post_tag","embeddable":true,"href":"https:\/\/www.bumacogroup.be\/fr\/wp-json\/wp\/v2\/tags?post=7867"}],"curies":[{"name":"wp","href":"https:\/\/api.w.org\/{rel}","templated":true}]}}