{"id":255,"date":"2023-12-14T13:38:00","date_gmt":"2023-12-14T12:38:00","guid":{"rendered":"https:\/\/bumacogroup.mailbox-marketing10.be\/?p=255"},"modified":"2025-12-29T10:20:16","modified_gmt":"2025-12-29T09:20:16","slug":"du-stage-a-lemploi-permanent-en-tant-que-chef-de-projet","status":"publish","type":"post","link":"https:\/\/www.bumacogroup.be\/fr\/nieuws\/van-stageplek-naar-vaste-job-als-projectleider\/","title":{"rendered":"Du stage \u00e0 l'emploi permanent en tant que chef de projet"},"content":{"rendered":"<p>Trouver un stage n'est pas chose ais\u00e9e et Abdel Boulakhrif le sait bien. Abdel est un sp\u00e9cialiste du dessin technique. Un profil remarquable pour lequel il y a peu de demande.<\/p>\n\n\n\n<p>C'est pourquoi Abdel a fait appel \u00e0 sa voisine bien connue, Linde Merckpoel. Cette derni\u00e8re n'\u00e9tait que trop heureuse d'aider son voisin. Le d\u00e9partement RH de Bumaco a vu Linde transmettre son histoire sur Instagram et a organis\u00e9 une r\u00e9union de pr\u00e9sentation avec Abdel dans les plus brefs d\u00e9lais.<\/p>\n\n\n\n<p><strong>Se mettre directement au travail sur son premier projet<\/strong><br>Pour Bumaco, il s'agissait d'une correspondance instantan\u00e9e. Sa personnalit\u00e9, ses connaissances et ses comp\u00e9tences sont en parfaite ad\u00e9quation avec les valeurs et les normes de l'entreprise. Abdel a tout de suite \u00e9t\u00e9 tr\u00e8s motiv\u00e9 pour commencer. Aucun d\u00e9fi n'est trop grand pour lui : \"Si je ne connais pas quelque chose, je regarde d'abord sur YouTube pour pouvoir l'apprendre par moi-m\u00eame\". C'est la mentalit\u00e9 et l'attitude qui conviennent \u00e0 Bumaco.<\/p>\n\n\n\n<p>Lorsqu'Abdel a commenc\u00e9 son stage, nous sommes imm\u00e9diatement tomb\u00e9s sous le charme. Il a travaill\u00e9 sur un projet important mais particulier : STG. Un immeuble de bureaux de trois \u00e9tages pour lequel il devait assurer la ventilation et tout le reste. Il a beaucoup appris \u00e0 cette occasion : \"J'ai appris ici \u00e0 ne pas me contenter de dessiner pour que cela me convienne mieux, j'ai appris \u00e0 dessiner pour faciliter la vie des techniciens\".<\/p>\n\n\n\n<p><strong>Il a \u00e9chang\u00e9 son bureau d'\u00e9colier contre son bureau et les cours de Bumaco Kempen.<\/strong><br>Abdel ne se lassait pas de Bumaco. Apr\u00e8s son stage, il a poursuivi son travail en tant qu'\u00e9tudiant en emploi. On lui a ensuite propos\u00e9 un contrat \u00e0 dur\u00e9e ind\u00e9termin\u00e9e en tant que chef de projet. Il a h\u00e9sit\u00e9 en raison de la distance entre son domicile et le bureau de Campine. Finalement, il a accept\u00e9 en raison de la flexibilit\u00e9 de notre entreprise. \"J'ai finalement accept\u00e9 parce que j'ai surtout des projets autour de chez moi, Bumaco est tr\u00e8s flexible \u00e0 ce sujet\". En outre, Abdel trouve suffisamment de vari\u00e9t\u00e9 dans son travail de chef de projet : \"Je suis moiti\u00e9-moiti\u00e9 au bureau et moiti\u00e9 \u00e0 l'ext\u00e9rieur, sur le chantier. Je trouve cette vari\u00e9t\u00e9 tr\u00e8s agr\u00e9able\".&nbsp;<\/p>\n\n\n\n<p>Lorsque nous demandons \u00e0 Abdel ce qu'il pense de son exp\u00e9rience chez Bumaco, depuis ses d\u00e9buts en tant que stagiaire jusqu'\u00e0 aujourd'hui, o\u00f9 il est employ\u00e9 permanent, il r\u00e9pond : \"Je suis accept\u00e9 ici et je me sens tout \u00e0 fait chez moi\".<\/p>\n\n\n\n<p><strong>Voulez-vous grandir avec nous ?<\/strong><br>Vous \u00eates \u00e9galement \u00e0 la recherche d'un stage ou d'un lieu de travail riche en responsabilit\u00e9s et en flexibilit\u00e9 ? Vous avez de la chance, nous recherchons des stagiaires et des coll\u00e8gues.&nbsp;<a href=\"mailto:jobs@bumacogroup.be\">N'h\u00e9sitez pas \u00e0 postuler<\/a>.<\/p>","protected":false},"excerpt":{"rendered":"<p>Een stageplaats zoeken is niet makkelijk en dat weet Abdel Boulakhrif maar al te goed. Abdel is specialist in technisch tekenen. Een opmerkelijk profiel waar weinig vraag naar is. Met deze reden deed Abdel beroep op zijn bekende buurvrouw, Linde Merckpoel. Zij wilde haar buurjongen maar al te graag helpen. De Bumaco HR-dienst zag Linde [&hellip;]<\/p>\n","protected":false},"author":1,"featured_media":256,"comment_status":"closed","ping_status":"closed","sticky":false,"template":"","format":"standard","meta":{"_seopress_robots_primary_cat":"none","_seopress_titles_title":"","_seopress_titles_desc":"","_seopress_robots_index":"","iawp_total_views":37,"footnotes":""},"categories":[1],"tags":[],"class_list":["post-255","post","type-post","status-publish","format-standard","has-post-thumbnail","hentry","category-nieuws"],"_links":{"self":[{"href":"https:\/\/www.bumacogroup.be\/fr\/wp-json\/wp\/v2\/posts\/255","targetHints":{"allow":["GET"]}}],"collection":[{"href":"https:\/\/www.bumacogroup.be\/fr\/wp-json\/wp\/v2\/posts"}],"about":[{"href":"https:\/\/www.bumacogroup.be\/fr\/wp-json\/wp\/v2\/types\/post"}],"author":[{"embeddable":true,"href":"https:\/\/www.bumacogroup.be\/fr\/wp-json\/wp\/v2\/users\/1"}],"replies":[{"embeddable":true,"href":"https:\/\/www.bumacogroup.be\/fr\/wp-json\/wp\/v2\/comments?post=255"}],"version-history":[{"count":2,"href":"https:\/\/www.bumacogroup.be\/fr\/wp-json\/wp\/v2\/posts\/255\/revisions"}],"predecessor-version":[{"id":5185,"href":"https:\/\/www.bumacogroup.be\/fr\/wp-json\/wp\/v2\/posts\/255\/revisions\/5185"}],"wp:featuredmedia":[{"embeddable":true,"href":"https:\/\/www.bumacogroup.be\/fr\/wp-json\/wp\/v2\/media\/256"}],"wp:attachment":[{"href":"https:\/\/www.bumacogroup.be\/fr\/wp-json\/wp\/v2\/media?parent=255"}],"wp:term":[{"taxonomy":"category","embeddable":true,"href":"https:\/\/www.bumacogroup.be\/fr\/wp-json\/wp\/v2\/categories?post=255"},{"taxonomy":"post_tag","embeddable":true,"href":"https:\/\/www.bumacogroup.be\/fr\/wp-json\/wp\/v2\/tags?post=255"}],"curies":[{"name":"wp","href":"https:\/\/api.w.org\/{rel}","templated":true}]}}