{"id":249,"date":"2023-12-14T13:36:49","date_gmt":"2023-12-14T12:36:49","guid":{"rendered":"https:\/\/bumacogroup.mailbox-marketing10.be\/?p=249"},"modified":"2025-12-29T10:38:45","modified_gmt":"2025-12-29T09:38:45","slug":"le-groupe-bumaco-opte-pour-un-nouveau-logo","status":"publish","type":"post","link":"https:\/\/www.bumacogroup.be\/fr\/nieuws\/bumaco-group-kiest-voor-een-nieuw-logo\/","title":{"rendered":"Le groupe Bumaco opte pour un nouveau logo"},"content":{"rendered":"<p>Avec la barre des 400 employ\u00e9s en vue et la r\u00e9cente adh\u00e9sion de Casteleyn Horecamaterialen, une nouvelle filiale du groupe Bumaco, il est temps de changer de logo. Non seulement la soci\u00e9t\u00e9 m\u00e8re, le groupe Bumaco, mais aussi les filiales font peau neuve.&nbsp;<\/p>\n\n\n\n<p>Cette refonte des logos et de l'identit\u00e9 de l'entreprise intervient apr\u00e8s une \u00e9volution douloureuse que le groupe d'entreprises a connue ces derni\u00e8res ann\u00e9es. Des acquisitions judicieuses et de nouvelles entreprises ont fait du groupe Bumaco ce qu'il est aujourd'hui. \"Le lien entre les filiales est plus fort que jamais et cela se refl\u00e8te clairement dans la nouvelle image de marque. Gr\u00e2ce \u00e0 notre expertise interne en mati\u00e8re de r\u00e9frig\u00e9ration, de climatisation, de chauffage, d'\u00e9lectricit\u00e9, d'\u00e9nergie solaire, de protection solaire, de cuisines industrielles, d'acier inoxydable et de mat\u00e9riel de restauration, nous sommes en mesure de r\u00e9aliser n'importe quel projet (pour des clients professionnels et priv\u00e9s)\", d\u00e9clare Roel Buelens, CEO.\u00a0\u00a0<\/p>\n\n\n\n<p><strong>Croissance et expansion<\/strong><br>Ces derni\u00e8res ann\u00e9es, l'\u00e9volution du groupe d'entreprises s'est acc\u00e9l\u00e9r\u00e9e. \"Pour la premi\u00e8re fois, cette ann\u00e9e se terminera avec un chiffre d'affaires consolid\u00e9 sup\u00e9rieur \u00e0 100 millions d'euros. Au cours des cinq derni\u00e8res ann\u00e9es, deux succursales (Herentals et Nazareth) de Bumaco ont \u00e9t\u00e9 ajout\u00e9es par le biais d'acquisitions intelligentes et de fusions avec Ben Stevens, BNS Technics et AVS Service. En outre, les entreprises Inox+ et Casteleyn (avec une succursale \u00e0 Middelkerke) ont rejoint le groupe Bumaco. Plusieurs nouvelles entit\u00e9s ont \u00e9galement \u00e9t\u00e9 cr\u00e9\u00e9es : Geelen, Lightful et bient\u00f4t un autre nouveau venu\", s'amuse Buelens.\u00a0<br>Le groupe Bumaco est plus fort que jamais. Les filiales se renforcent mutuellement et, ensemble, elles sont pr\u00eates \u00e0 construire l'avenir. Pour le d\u00e9montrer, le groupe Bumaco et ses filiales arboreront une nouvelle marque et une nouvelle identit\u00e9 d'entreprise \u00e0 partir d'aujourd'hui. \"La nouvelle image de marque du groupe Bumaco montre que notre entreprise est devenue un groupe de services et d'installation complet. Nos clients savent d\u00e9sormais qu'ils peuvent compter sur nous pour diverses techniques. Mais nous voulons aussi le faire savoir plus largement. Nous travaillons au-del\u00e0 des fronti\u00e8res des filiales. Le nouveau logo correspond parfaitement aux ambitions de notre groupe d'entreprises\", d\u00e9clare fi\u00e8rement Roel, le directeur g\u00e9n\u00e9ral.\u00a0\u00a0<\/p>\n\n\n\n<p><strong>Nouveau nom pour Geelen<\/strong><br>En 2017, Geelen a rejoint le groupe d'entreprises. Au cours des derni\u00e8res ann\u00e9es, cette entreprise s'est d\u00e9velopp\u00e9e pour devenir une entreprise solide et fixe. Afin de clarifier son ancrage au sein du groupe Bumaco pour nos clients, l'entreprise portera \u00e0 partir d'aujourd'hui le nom d'Electrico. \"Geelen a rejoint notre groupe d'entreprises par le biais d'une acquisition \u00e0 l'\u00e9poque. Il \u00e9tait important de conserver son nom fort dans la r\u00e9gion. Aujourd'hui, tout le monde conna\u00eet notre entreprise comme faisant partie du groupe Bumaco. Et nous voulons maintenant le reconna\u00eetre officiellement. Electrico est un nom qui sonne comme une cloche et qui s'int\u00e8gre parfaitement \u00e0 Bumaco, Solairco, Heatco et Kitchco\", explique le directeur Gert Schellens.<\/p>\n\n\n\n<p><a href=\"https:\/\/www.bumacogroup.be\/fr\/nl-be\/nouvelles\/\"><\/a><\/p>","protected":false},"excerpt":{"rendered":"<p>Met de kaap van 400 medewerkers in zicht en de recente toetreding van Casteleyn Horecamaterialen, een nieuwe dochteronderneming tot de Bumaco Group is het tijd voor een nieuw logo. Niet enkel het moederbedrijf Bumaco Group, ook de dochterondernemingen worden in het nieuw gezet.&nbsp; Deze vernieuwde logo\u2019s en huisstijl komen er na een straffe evolutie die [&hellip;]<\/p>\n","protected":false},"author":1,"featured_media":253,"comment_status":"closed","ping_status":"closed","sticky":false,"template":"","format":"standard","meta":{"_seopress_robots_primary_cat":"none","_seopress_titles_title":"","_seopress_titles_desc":"","_seopress_robots_index":"","iawp_total_views":46,"footnotes":""},"categories":[1],"tags":[],"class_list":["post-249","post","type-post","status-publish","format-standard","has-post-thumbnail","hentry","category-nieuws"],"_links":{"self":[{"href":"https:\/\/www.bumacogroup.be\/fr\/wp-json\/wp\/v2\/posts\/249","targetHints":{"allow":["GET"]}}],"collection":[{"href":"https:\/\/www.bumacogroup.be\/fr\/wp-json\/wp\/v2\/posts"}],"about":[{"href":"https:\/\/www.bumacogroup.be\/fr\/wp-json\/wp\/v2\/types\/post"}],"author":[{"embeddable":true,"href":"https:\/\/www.bumacogroup.be\/fr\/wp-json\/wp\/v2\/users\/1"}],"replies":[{"embeddable":true,"href":"https:\/\/www.bumacogroup.be\/fr\/wp-json\/wp\/v2\/comments?post=249"}],"version-history":[{"count":1,"href":"https:\/\/www.bumacogroup.be\/fr\/wp-json\/wp\/v2\/posts\/249\/revisions"}],"predecessor-version":[{"id":254,"href":"https:\/\/www.bumacogroup.be\/fr\/wp-json\/wp\/v2\/posts\/249\/revisions\/254"}],"wp:featuredmedia":[{"embeddable":true,"href":"https:\/\/www.bumacogroup.be\/fr\/wp-json\/wp\/v2\/media\/253"}],"wp:attachment":[{"href":"https:\/\/www.bumacogroup.be\/fr\/wp-json\/wp\/v2\/media?parent=249"}],"wp:term":[{"taxonomy":"category","embeddable":true,"href":"https:\/\/www.bumacogroup.be\/fr\/wp-json\/wp\/v2\/categories?post=249"},{"taxonomy":"post_tag","embeddable":true,"href":"https:\/\/www.bumacogroup.be\/fr\/wp-json\/wp\/v2\/tags?post=249"}],"curies":[{"name":"wp","href":"https:\/\/api.w.org\/{rel}","templated":true}]}}