{"id":233,"date":"2023-12-14T13:30:32","date_gmt":"2023-12-14T12:30:32","guid":{"rendered":"https:\/\/bumacogroup.mailbox-marketing10.be\/?p=233"},"modified":"2023-12-14T13:41:45","modified_gmt":"2023-12-14T12:41:45","slug":"sur-place-avec-deux-solides-mecaniciens-siemen-et-jef","status":"publish","type":"post","link":"https:\/\/www.bumacogroup.be\/fr\/nieuws\/op-de-werf-met-twee-straffe-monteurs-siemen-en-jef\/","title":{"rendered":"Sur place avec deux m\u00e9caniciens punitifs, Siemen et Jef"},"content":{"rendered":"<p>Avez-vous l'occasion de sortir avec une \u00e9quipe aussi exp\u00e9riment\u00e9e que celle de Siemen et Jef ? Vous apprenez alors bien plus que de simples comp\u00e9tences en mati\u00e8re de r\u00e9frig\u00e9ration. Ces deux-l\u00e0 sont tellement en phase l'un avec l'autre qu'ils sont les meilleurs dans leur m\u00e9tier.<\/p>\n\n\n\n<p>Aujourd'hui, nous suivons un duo, et quel duo ! Si vous passez la cour et que vous \u00e9coutez attentivement, vous pourriez penser que ces deux gars se pr\u00e9parent \u00e0 auditionner pour The Voice of Flanders... Mais vous vous trompez. \u00c0 notre connaissance, ils n'ont pas d'ambitions imm\u00e9diates en mati\u00e8re de chant. Mais ils sont&nbsp;<strong>deux meilleurs de notre \u00e9quipe de m\u00e9caniciens<\/strong>!&nbsp;<\/p>\n\n\n\n<p>Apr\u00e8s le vent des derni\u00e8res semaines, nous sommes heureux de voir le soleil briller aujourd'hui. Le temps est id\u00e9al pour que Siemen et Jef de Bumaco Kempen puissent avoir une&nbsp;<strong>climatisation multi-split chez un client priv\u00e9<\/strong>&nbsp;\u00e0 installer. \"Il s'agit d'un climatiseur avec plusieurs unit\u00e9s int\u00e9rieures sur une unit\u00e9 ext\u00e9rieure\", nous dit Siemen \u00e0 l'avance. \"Lorsque nous entamons un projet comme celui d'aujourd'hui, nous arrivons avec le dossier de chantier du chef de projet. Avec cela, nous r\u00e9alisons le projet enti\u00e8rement selon le plan. Mais de temps en temps, le client indique que, par exemple, l'unit\u00e9 ext\u00e9rieure doit encore \u00eatre d\u00e9plac\u00e9e. Nous examinons alors ce qui est possible sur place\", explique M. Siemen.&nbsp;<\/p>\n\n\n\n<p>Le m\u00e9tier de m\u00e9canicien en climatisation et r\u00e9frig\u00e9ration ne se r\u00e9sume pas \u00e0 l'entretien de l'\u00e9quipement de climatisation et de r\u00e9frig\u00e9ration.&nbsp;<strong>comp\u00e9tences techniques&nbsp;<\/strong>comme le soudage, l'apprentissage du travail avec l'azote et les r\u00e9frig\u00e9rants,...&nbsp;<strong>Vos comp\u00e9tences en mati\u00e8re de communication doivent \u00e9galement&nbsp;<em>sur le point<\/em>&nbsp;son<\/strong>. Jef et Siemen trouvent le plus grand plaisir \u00e0 applaudir les clients. \"Apr\u00e8s chaque installation, nous expliquons le syst\u00e8me \u00e0 nos clients. De toute fa\u00e7on, le client posera toujours des questions et cela fait partie de notre travail\", explique Jef.<\/p>\n\n\n\n<p>Lorsqu'un nouveau technicien commence \u00e0 travailler chez Bumaco, il int\u00e8gre imm\u00e9diatement une \u00e9quipe exp\u00e9riment\u00e9e, comme celle de Siemen et Jef. Sous leur tutelle, vous obtenez le&nbsp;<strong>possibilit\u00e9 d'apprendre beaucoup tout de suite<\/strong>. \"Les techniciens ne sont pas si nombreux que cela\", explique M. Siemen. \"Nous avons grandi, mais il n'en reste pas moins que&nbsp;<strong>atmosph\u00e8re familiale<\/strong>&nbsp;retenus au sein de notre groupe. Si vous \u00eates de bonne volont\u00e9, que vous voulez travailler et apprendre, vous pourrez progresser rapidement chez Bumaco. Vous pourrez alors progresser rapidement chez Bumaco\".&nbsp;<\/p>\n\n\n\n<p>Outre les clients priv\u00e9s, Siemen et Jef sont \u00e9galement pr\u00e9sents r\u00e9guli\u00e8rement.<strong>&nbsp;dans les entreprises<\/strong>. Lorsque nous leur demandons quelle est leur installation pr\u00e9f\u00e9r\u00e9e, Siemen r\u00e9pond presque imm\u00e9diatement en citant l'h\u00f4tel Yust d'Anvers. Siemen r\u00e9pond presque imm\u00e9diatement par Yust Hotel Antwerp. Un autre projet r\u00e9alis\u00e9 avec son ami Jef. Ils ont install\u00e9 un&nbsp;<strong>Syst\u00e8me de climatisation VRV avec jusqu'\u00e0 100 unit\u00e9s int\u00e9rieures<\/strong>un dans chaque pi\u00e8ce. \"Un projet tr\u00e8s cool avec un timing serr\u00e9. Il nous a fallu du sang, de la sueur et des larmes pour ainsi dire. Mais c'est pour cela que j'en suis fier\", d\u00e9clare-t-il.&nbsp;<br>&nbsp;<\/p>\n\n\n\n<p><strong>Un emploi de technicien, c'est quelque chose pour vous ?<\/strong><br>Vous avez de la chance, car nous sommes r\u00e9guli\u00e8rement \u00e0 la recherche de profils techniquement forts. Qui sait, vous rejoindrez peut-\u00eatre bient\u00f4t Siemen et Jef sur la route.\u00a0<\/p>\n\n\n\n<p><a href=\"https:\/\/www.bumacogroup.be\/fr\/nl-be\/nouvelles\/\"><\/a><\/p>","protected":false},"excerpt":{"rendered":"<p>Mag je met zo\u2019n ervaren ploeg als die van Siemen en Jef op pad? Dan leer je meer dan enkel&nbsp;koeltechnische vaardigheden. Deze twee zijn zo op elkaar ingewerkt en zijn absolute toppers in hun vak. Vandaag volgen we een duo, en wat voor \u00e9\u00e9n. Als je de werf passeert en goed luistert, zou je kunnen [&hellip;]<\/p>\n","protected":false},"author":1,"featured_media":270,"comment_status":"closed","ping_status":"closed","sticky":false,"template":"","format":"standard","meta":{"_seopress_robots_primary_cat":"","_seopress_titles_title":"","_seopress_titles_desc":"","_seopress_robots_index":"","iawp_total_views":16,"footnotes":""},"categories":[1],"tags":[],"class_list":["post-233","post","type-post","status-publish","format-standard","has-post-thumbnail","hentry","category-nieuws"],"_links":{"self":[{"href":"https:\/\/www.bumacogroup.be\/fr\/wp-json\/wp\/v2\/posts\/233","targetHints":{"allow":["GET"]}}],"collection":[{"href":"https:\/\/www.bumacogroup.be\/fr\/wp-json\/wp\/v2\/posts"}],"about":[{"href":"https:\/\/www.bumacogroup.be\/fr\/wp-json\/wp\/v2\/types\/post"}],"author":[{"embeddable":true,"href":"https:\/\/www.bumacogroup.be\/fr\/wp-json\/wp\/v2\/users\/1"}],"replies":[{"embeddable":true,"href":"https:\/\/www.bumacogroup.be\/fr\/wp-json\/wp\/v2\/comments?post=233"}],"version-history":[{"count":1,"href":"https:\/\/www.bumacogroup.be\/fr\/wp-json\/wp\/v2\/posts\/233\/revisions"}],"predecessor-version":[{"id":239,"href":"https:\/\/www.bumacogroup.be\/fr\/wp-json\/wp\/v2\/posts\/233\/revisions\/239"}],"wp:featuredmedia":[{"embeddable":true,"href":"https:\/\/www.bumacogroup.be\/fr\/wp-json\/wp\/v2\/media\/270"}],"wp:attachment":[{"href":"https:\/\/www.bumacogroup.be\/fr\/wp-json\/wp\/v2\/media?parent=233"}],"wp:term":[{"taxonomy":"category","embeddable":true,"href":"https:\/\/www.bumacogroup.be\/fr\/wp-json\/wp\/v2\/categories?post=233"},{"taxonomy":"post_tag","embeddable":true,"href":"https:\/\/www.bumacogroup.be\/fr\/wp-json\/wp\/v2\/tags?post=233"}],"curies":[{"name":"wp","href":"https:\/\/api.w.org\/{rel}","templated":true}]}}