{"id":226,"date":"2023-12-14T13:26:00","date_gmt":"2023-12-14T12:26:00","guid":{"rendered":"https:\/\/bumacogroup.mailbox-marketing10.be\/?p=226"},"modified":"2025-12-29T15:01:02","modified_gmt":"2025-12-29T14:01:02","slug":"il-y-a-de-la-musique-dans-la-ventilation-et-la-climatisation-de-djingel-djangel","status":"publish","type":"post","link":"https:\/\/www.bumacogroup.be\/fr\/nieuws\/in-de-ventilatie-en-klimatisatie-van-djingel-djangel-zit-muziek\/","title":{"rendered":"Il y a de la musique dans la ventilation et la climatisation de Djingel Djangel"},"content":{"rendered":"<p>R\u00e9nover un ancien entrep\u00f4t de c\u00e9r\u00e9ales n'est pas une mince affaire. Mais \u00e9quiper ce magasin sp\u00e9cialis\u00e9 d'une climatisation, d'un chauffage et d'une ventilation. C'\u00e9tait vraiment de la musique \u00e0 nos oreilles.&nbsp;<\/p>\n\n\n\n<p><strong><a href=\"http:\/\/www.djingeldjangel.be\" target=\"_blank\" rel=\"noreferrer noopener\">Djingel Djangel<\/a><\/strong>Le nom de l'entreprise de ces deux amis, Peter Verbauwen et Stef Potums, r\u00e9sonne probablement \u00e0 l'oreille de certains d'entre vous. L'entreprise de ces deux amis, Peter Verbauwen et Stef Potums, respire la musique. On le sent d\u00e8s que l'on p\u00e9n\u00e8tre dans les magnifiques locaux. C'est\u00a0<strong>Un petit coin de paradis sur terre pour tous les m\u00e9lomanes<\/strong>r. Imaginez : boire un verre tranquillement en \u00e9coutant votre musique pr\u00e9f\u00e9r\u00e9e en arri\u00e8re-plan et en feuilletant sans fin les disques vinyles de la boutique.<\/p>\n\n\n\n<p>Avant que Peter et Stef ne puissent r\u00e9aliser leur r\u00eave de vivre ici ensemble, il fallait que le projet soit r\u00e9alis\u00e9.&nbsp;<strong>(un ancien entrep\u00f4t de c\u00e9r\u00e9ales) sur l'\u00eele d'Anvers<\/strong>&nbsp;\u00eatre compl\u00e8tement remani\u00e9e. Il n'est pas facile&nbsp;<strong>r\u00e9novation<\/strong>L'acoustique, la qualit\u00e9 du son et la ventilation devaient donc \u00eatre irr\u00e9prochables. En effet, Djingel Djangel offre \u00e9galement une sc\u00e8ne aux artistes belges, aux musiciens et aux humoristes. Il est donc essentiel que les locaux soient parfaitement insonoris\u00e9s. Il n'est pas toujours possible d'ouvrir les fen\u00eatres pour ventiler.&nbsp;<\/p>\n\n\n\n<p>De l\u00e0, Stef et Peter sont partis \u00e0 la recherche de<strong>&nbsp;une installation<\/strong>qui leur a permis de d\u00e9velopper leur activit\u00e9&nbsp;<strong>refroidissement, chauffage et ventilation suppl\u00e9mentaire<\/strong>&nbsp;si n\u00e9cessaire. C'est ainsi qu'ils se sont adress\u00e9s \u00e0 nous. Avec l'architecte Daniel Mevis de<strong>&nbsp;<a href=\"http:\/\/rvorm.be\/\" target=\"_blank\" rel=\"noreferrer noopener\">Rform<\/a>&nbsp;<\/strong>et les deux amis, nous avons dessin\u00e9 la ventilation et la climatisation. Notre installation se compose g\u00e9n\u00e9ralement d'unit\u00e9s int\u00e9rieures et ext\u00e9rieures. Dans un b\u00e2timent class\u00e9 au centre de la ville, une telle unit\u00e9 ext\u00e9rieure n'\u00e9tait pas envisageable.&nbsp;<em>D\u00e9fi relev\u00e9.<\/em>&nbsp;Nous avons publi\u00e9 le&nbsp;<strong>VRV s\u00e9rie i<\/strong>L'unit\u00e9 ext\u00e9rieure de la pompe \u00e0 chaleur est divis\u00e9e en deux parties plus petites. Elles peuvent ainsi \u00eatre facilement int\u00e9gr\u00e9es dans l'espace int\u00e9rieur.<\/p>\n\n\n\n<p>Au cours de l'\u00e9t\u00e9 2021, nous avons commenc\u00e9 les travaux. Dans nos installations, un&nbsp;<strong>mesure continue du CO\u00b2<\/strong>&nbsp;int\u00e9gr\u00e9. Le syst\u00e8me re\u00e7oit un signal lorsqu'une ventilation suppl\u00e9mentaire est n\u00e9cessaire. Il a \u00e9t\u00e9 inaugur\u00e9 en septembre 2021. R\u00e9cemment, Stef nous a recontact\u00e9s. L'entreprise a fait l'objet d'une inspection inopin\u00e9e de la part des services de sant\u00e9 publique. \"L'inspecteur a \u00e9t\u00e9 tr\u00e8s impressionn\u00e9 par les efforts que nous avons d\u00e9ploy\u00e9s (y compris l'installation de Bumaco) pour rendre l'\u00e9tablissement plus s\u00fbr.&nbsp;<strong>aussi s\u00fbr que possible pour COVID&nbsp;<\/strong>Il s'agit d'une belle reconnaissance pour le travail que nous avons r\u00e9alis\u00e9 ensemble. Une belle reconnaissance pour le travail que nous avons r\u00e9alis\u00e9 ensemble.&nbsp;<\/p>\n\n\n\n<p>Entre-temps, nous passons de temps en temps chez Djingel Djangel (Bordauxstraat 7A, 2000 Anvers) avec grand plaisir. Pour assister \u00e0 un concert et agrandir notre collection de disques. Vous \u00eates curieux ? Jetez un coup d'\u0153il aux disques vinyles propos\u00e9s.\u00a0<strong><a href=\"https:\/\/djingeldjangel.be\/vinyl-vault\/\" target=\"_blank\" rel=\"noreferrer noopener\">en ligne<\/a><\/strong>. Quoi qu'il en soit, nous vous recommandons de rendre visite \u00e0 Stef et Peter.\u00a0<strong>Cela en vaut vraiment la peine !<\/strong>\u00a0<\/p>","protected":false},"excerpt":{"rendered":"<p>Een renovatie van een oud graanpakhuis, daar komt wel wat bij kijken. Maar deze speciaalzaak van airco, verwarming en ventilatie voorzien. Dat klonk absoluut&nbsp;als muziek in onze oren.&nbsp; Djingel Djangel, het doet bij sommige van jullie vast een belletje rinkelen. De zaak van deze twee vrienden, Peter Verbauwen en Stef Potums, ademt muziek. Je voelt [&hellip;]<\/p>\n","protected":false},"author":1,"featured_media":269,"comment_status":"closed","ping_status":"closed","sticky":false,"template":"","format":"standard","meta":{"_seopress_robots_primary_cat":"none","_seopress_titles_title":"","_seopress_titles_desc":"","_seopress_robots_index":"","iawp_total_views":13,"footnotes":""},"categories":[1],"tags":[],"class_list":["post-226","post","type-post","status-publish","format-standard","has-post-thumbnail","hentry","category-nieuws"],"_links":{"self":[{"href":"https:\/\/www.bumacogroup.be\/fr\/wp-json\/wp\/v2\/posts\/226","targetHints":{"allow":["GET"]}}],"collection":[{"href":"https:\/\/www.bumacogroup.be\/fr\/wp-json\/wp\/v2\/posts"}],"about":[{"href":"https:\/\/www.bumacogroup.be\/fr\/wp-json\/wp\/v2\/types\/post"}],"author":[{"embeddable":true,"href":"https:\/\/www.bumacogroup.be\/fr\/wp-json\/wp\/v2\/users\/1"}],"replies":[{"embeddable":true,"href":"https:\/\/www.bumacogroup.be\/fr\/wp-json\/wp\/v2\/comments?post=226"}],"version-history":[{"count":1,"href":"https:\/\/www.bumacogroup.be\/fr\/wp-json\/wp\/v2\/posts\/226\/revisions"}],"predecessor-version":[{"id":227,"href":"https:\/\/www.bumacogroup.be\/fr\/wp-json\/wp\/v2\/posts\/226\/revisions\/227"}],"wp:featuredmedia":[{"embeddable":true,"href":"https:\/\/www.bumacogroup.be\/fr\/wp-json\/wp\/v2\/media\/269"}],"wp:attachment":[{"href":"https:\/\/www.bumacogroup.be\/fr\/wp-json\/wp\/v2\/media?parent=226"}],"wp:term":[{"taxonomy":"category","embeddable":true,"href":"https:\/\/www.bumacogroup.be\/fr\/wp-json\/wp\/v2\/categories?post=226"},{"taxonomy":"post_tag","embeddable":true,"href":"https:\/\/www.bumacogroup.be\/fr\/wp-json\/wp\/v2\/tags?post=226"}],"curies":[{"name":"wp","href":"https:\/\/api.w.org\/{rel}","templated":true}]}}